{"id":1108,"date":"2024-10-28T14:24:02","date_gmt":"2024-10-28T13:24:02","guid":{"rendered":"https:\/\/ordineostetricheterni.it\/wordpress\/?p=1108"},"modified":"2024-10-28T14:24:02","modified_gmt":"2024-10-28T13:24:02","slug":"i-primi-mille-giorni-di-parole-e-suoni","status":"publish","type":"post","link":"https:\/\/ordineostetricheterni.it\/wordpress\/2024\/10\/28\/i-primi-mille-giorni-di-parole-e-suoni\/","title":{"rendered":"I primi mille giorni di parole e suoni"},"content":{"rendered":"<p>Dal 16 al 24 novembre 2024 si celebra la <strong>Settimana Nazionale Nati per Leggere. Andiamo dritti alle storie!<\/strong>\u00a0un&#8217;iniziativa dedicata a promuovere la lettura fin dalla prima infanzia.<\/p>\n<p><strong>Marted\u00ec 19 novembre presso il bct Caff\u00e8 Letterario di Terni<\/strong>, unisciti a noi per una giornata speciale pensata per i pi\u00f9 piccoli e le loro famiglie, <strong><em>&#8220;I primi mille giorni di parole e suoni&#8221; <\/em><\/strong>.<br \/>\nAttraverso storie, racconti e laboratori, rompiamo i silenzi e costruiamo connessioni profonde per nutrire mente e cuore nei momenti cruciali della crescita.<br \/>\nUn appuntamento imperdibile per scoprire insieme il potere delle storie e creare legami preziosi.<\/p>\n<blockquote><p><strong>Programma<\/strong><\/p>\n<p><a href=\"https:\/\/ordineostetricheterni.it\/wordpress\/wp-content\/uploads\/2024\/10\/WhatsApp-Image-2024-10-28-at-14.05.25.jpeg\"><img loading=\"lazy\" decoding=\"async\" class=\"alignnone wp-image-1110 size-full\" src=\"https:\/\/ordineostetricheterni.it\/wordpress\/wp-content\/uploads\/2024\/10\/WhatsApp-Image-2024-10-28-at-14.05.25.jpeg\" alt=\"\" width=\"1123\" height=\"1588\" srcset=\"https:\/\/ordineostetricheterni.it\/wordpress\/wp-content\/uploads\/2024\/10\/WhatsApp-Image-2024-10-28-at-14.05.25.jpeg 1123w, https:\/\/ordineostetricheterni.it\/wordpress\/wp-content\/uploads\/2024\/10\/WhatsApp-Image-2024-10-28-at-14.05.25-212x300.jpeg 212w, https:\/\/ordineostetricheterni.it\/wordpress\/wp-content\/uploads\/2024\/10\/WhatsApp-Image-2024-10-28-at-14.05.25-724x1024.jpeg 724w, https:\/\/ordineostetricheterni.it\/wordpress\/wp-content\/uploads\/2024\/10\/WhatsApp-Image-2024-10-28-at-14.05.25-768x1086.jpeg 768w, https:\/\/ordineostetricheterni.it\/wordpress\/wp-content\/uploads\/2024\/10\/WhatsApp-Image-2024-10-28-at-14.05.25-1086x1536.jpeg 1086w, https:\/\/ordineostetricheterni.it\/wordpress\/wp-content\/uploads\/2024\/10\/WhatsApp-Image-2024-10-28-at-14.05.25-764x1080.jpeg 764w\" sizes=\"auto, (max-width: 1123px) 100vw, 1123px\" \/><\/a><\/p><\/blockquote>\n","protected":false},"excerpt":{"rendered":"<p>Dal 16 al 24 novembre 2024 si celebra la Settimana Nazionale Nati per Leggere. Andiamo dritti alle storie!\u00a0un&#8217;iniziativa dedicata a promuovere la lettura fin dalla prima infanzia. Marted\u00ec 19 novembre presso il bct Caff\u00e8 Letterario di Terni, unisciti a noi per una giornata speciale pensata per i pi\u00f9 piccoli e le loro famiglie, &#8220;I primi&nbsp;&hellip;<\/p>\n","protected":false},"author":1,"featured_media":1109,"comment_status":"closed","ping_status":"open","sticky":false,"template":"","format":"standard","meta":{"footnotes":""},"categories":[3],"tags":[],"class_list":["post-1108","post","type-post","status-publish","format-standard","has-post-thumbnail","hentry","category-news"],"_links":{"self":[{"href":"https:\/\/ordineostetricheterni.it\/wordpress\/wp-json\/wp\/v2\/posts\/1108","targetHints":{"allow":["GET"]}}],"collection":[{"href":"https:\/\/ordineostetricheterni.it\/wordpress\/wp-json\/wp\/v2\/posts"}],"about":[{"href":"https:\/\/ordineostetricheterni.it\/wordpress\/wp-json\/wp\/v2\/types\/post"}],"author":[{"embeddable":true,"href":"https:\/\/ordineostetricheterni.it\/wordpress\/wp-json\/wp\/v2\/users\/1"}],"replies":[{"embeddable":true,"href":"https:\/\/ordineostetricheterni.it\/wordpress\/wp-json\/wp\/v2\/comments?post=1108"}],"version-history":[{"count":1,"href":"https:\/\/ordineostetricheterni.it\/wordpress\/wp-json\/wp\/v2\/posts\/1108\/revisions"}],"predecessor-version":[{"id":1111,"href":"https:\/\/ordineostetricheterni.it\/wordpress\/wp-json\/wp\/v2\/posts\/1108\/revisions\/1111"}],"wp:featuredmedia":[{"embeddable":true,"href":"https:\/\/ordineostetricheterni.it\/wordpress\/wp-json\/wp\/v2\/media\/1109"}],"wp:attachment":[{"href":"https:\/\/ordineostetricheterni.it\/wordpress\/wp-json\/wp\/v2\/media?parent=1108"}],"wp:term":[{"taxonomy":"category","embeddable":true,"href":"https:\/\/ordineostetricheterni.it\/wordpress\/wp-json\/wp\/v2\/categories?post=1108"},{"taxonomy":"post_tag","embeddable":true,"href":"https:\/\/ordineostetricheterni.it\/wordpress\/wp-json\/wp\/v2\/tags?post=1108"}],"curies":[{"name":"wp","href":"https:\/\/api.w.org\/{rel}","templated":true}]}}