{"id":1251,"date":"2025-07-28T13:05:51","date_gmt":"2025-07-28T11:05:51","guid":{"rendered":"https:\/\/ordineostetricheterni.it\/wordpress\/?p=1251"},"modified":"2025-07-28T13:05:51","modified_gmt":"2025-07-28T11:05:51","slug":"chiusura-per-ferie-dellordine-delle-ostetriche-della-provincia-di-terni","status":"publish","type":"post","link":"https:\/\/ordineostetricheterni.it\/wordpress\/2025\/07\/28\/chiusura-per-ferie-dellordine-delle-ostetriche-della-provincia-di-terni\/","title":{"rendered":"Chiusura per ferie dell\u2019Ordine delle Ostetriche della Provincia di Terni"},"content":{"rendered":"<p>Si informa che l&#8217;Ordine delle Ostetriche della Provincia di Terni rester\u00e0 chiuso per ferie dal 4 agosto al 22 agosto 2025 (estremi compresi). Le attivit\u00e0 riprenderanno regolarmente a partire da luned\u00ec 25 agosto 2025.<\/p>\n<p>Per eventuali comunicazioni urgenti, \u00e8 possibile inviare una email a collegiostetricheterni@gmail.com<\/p>\n<p><strong>Buone vacanze a tutte e tutti!<\/strong><\/p>\n","protected":false},"excerpt":{"rendered":"<p>Si informa che l&#8217;Ordine delle Ostetriche della Provincia di Terni rester\u00e0 chiuso per ferie dal 4 agosto al 22 agosto 2025 (estremi compresi). Le attivit\u00e0 riprenderanno regolarmente a partire da luned\u00ec 25 agosto 2025. Per eventuali comunicazioni urgenti, \u00e8 possibile inviare una email a collegiostetricheterni@gmail.com Buone vacanze a tutte e tutti!<\/p>\n","protected":false},"author":1,"featured_media":1252,"comment_status":"closed","ping_status":"open","sticky":false,"template":"","format":"standard","meta":{"footnotes":""},"categories":[3],"tags":[],"class_list":["post-1251","post","type-post","status-publish","format-standard","has-post-thumbnail","hentry","category-news"],"_links":{"self":[{"href":"https:\/\/ordineostetricheterni.it\/wordpress\/wp-json\/wp\/v2\/posts\/1251","targetHints":{"allow":["GET"]}}],"collection":[{"href":"https:\/\/ordineostetricheterni.it\/wordpress\/wp-json\/wp\/v2\/posts"}],"about":[{"href":"https:\/\/ordineostetricheterni.it\/wordpress\/wp-json\/wp\/v2\/types\/post"}],"author":[{"embeddable":true,"href":"https:\/\/ordineostetricheterni.it\/wordpress\/wp-json\/wp\/v2\/users\/1"}],"replies":[{"embeddable":true,"href":"https:\/\/ordineostetricheterni.it\/wordpress\/wp-json\/wp\/v2\/comments?post=1251"}],"version-history":[{"count":1,"href":"https:\/\/ordineostetricheterni.it\/wordpress\/wp-json\/wp\/v2\/posts\/1251\/revisions"}],"predecessor-version":[{"id":1253,"href":"https:\/\/ordineostetricheterni.it\/wordpress\/wp-json\/wp\/v2\/posts\/1251\/revisions\/1253"}],"wp:featuredmedia":[{"embeddable":true,"href":"https:\/\/ordineostetricheterni.it\/wordpress\/wp-json\/wp\/v2\/media\/1252"}],"wp:attachment":[{"href":"https:\/\/ordineostetricheterni.it\/wordpress\/wp-json\/wp\/v2\/media?parent=1251"}],"wp:term":[{"taxonomy":"category","embeddable":true,"href":"https:\/\/ordineostetricheterni.it\/wordpress\/wp-json\/wp\/v2\/categories?post=1251"},{"taxonomy":"post_tag","embeddable":true,"href":"https:\/\/ordineostetricheterni.it\/wordpress\/wp-json\/wp\/v2\/tags?post=1251"}],"curies":[{"name":"wp","href":"https:\/\/api.w.org\/{rel}","templated":true}]}}