{"id":519,"date":"2021-05-04T21:28:21","date_gmt":"2021-05-04T19:28:21","guid":{"rendered":"https:\/\/ordineostetricheterni.it\/wordpress\/?p=519"},"modified":"2021-05-04T21:31:45","modified_gmt":"2021-05-04T19:31:45","slug":"giornata-internazionale-delle-ostetriche","status":"publish","type":"post","link":"https:\/\/ordineostetricheterni.it\/wordpress\/2021\/05\/04\/giornata-internazionale-delle-ostetriche\/","title":{"rendered":"GIORNATA INTERNAZIONALE DELLE OSTETRICHE"},"content":{"rendered":"<h4>5 MAGGIO 2021<\/h4>\n<h4>GIORNATA INTERNAZIONALE DELLE OSTETRICHE<\/h4>\n<p>Dal 1991, il 5 maggio si celebra in tutto il mondo la Giornata internazionale dell\u2019Ostetrica, il cui slogan di questa edizione \u00e8 <em>\u201cFollow the data: invest in midwives\u201d. <\/em>Ci uniamo alle Ostetriche di tutto il mondo per riflettere sui progressi compiuti dalla nostra professione; il tema di quest&#8217;anno \u00e8 importantissimo poich\u00e9 fornisce una base di evidenze aggiornate e un&#8217;analisi dettagliata sull&#8217;impatto delle Ostetriche sulla salute della donna. Attraverso questa lente, ICM guider\u00e0 gli sforzi continui e crescenti per centrare l\u2019Ostetrica come figura fondamentale per migliorare la qualit\u00e0 dell\u2019assistenza alla donna in tutte le fasi della sua vita.<\/p>\n<p>La Presidente e il Consiglio Direttivo, nel ricordare la giornata internazionale dell\u2019Ostetrica, vuole condividere questo manifesto non solo con la Categoria, ma soprattutto con le donne, per la tutela della salute pubblica, sottolineando quanto il ruolo e la salute femminile siano centrali nei sistemi familiari e collettivi, con l\u2019obiettivo di accrescere l\u2019empowerment delle donne, la consapevolezza e il benessere di tutti gli individui, migliorando il welfare di comunit\u00e0.<\/p>\n<p>In questo anno particolare, ringraziamo tutte le colleghe per il grande impegno professionale che stanno dimostrando durante questa emergenza sanitaria, continuando a tutelare i diritti delle donne. In ottemperanza ai provvedimenti assunti da parte delle autorit\u00e0 pubbliche a tutela della salute, non vi saranno iniziative, ma ci preme comunque sottolineare l\u2019importanza e il ruolo della professionista Ostetrica.<\/p>\n<h4>Chi \u00e8 l\u2019Ostetrica?<\/h4>\n<p>La premessa rievoca il valore storico e sociale della professione ostetrica, che corre parallelo al riconoscimento del valore sociale della maternit\u00e0 e della tutela della salute femminile da parte dei diversi Stati nel mondo. La professione di ostetrica \u00e8 considerata una delle pi\u00f9 antiche al mondo.<\/p>\n<p>Nella societ\u00e0 attuale, l\u2019immagine dell\u2019Ostetrica viene associata esclusivamente alla gravidanza e al parto, ma non \u00e8 cosi. L\u2019Ostetrica, grazie alla sua multisettorialit\u00e0, tutela la salute della donna in tutte le fasce di et\u00e0. Lavora all\u2019interno di ospedali, consultori familiari, ambulatori pubblici o privati, cliniche, sul territorio e a domicilio. La Federazione e gli Ordini territoriali della professione Ostetrica, vogliono testimoniare l\u2019esigenza di rivedere gli attuali paradigmi per poter rispondere alle nuove e mutevoli sfide della domanda sanitaria e sociale, a tutela del diritto alla salute, attraverso molteplici azioni:<\/p>\n<ul>\n<li>Svolge attivit\u00e0 di promozione sociale della maternit\u00e0, attraverso strumenti che assicurano l\u2019accesso equo alle cure e politiche attive di protezione sanitaria e sociale per le donne, i bambini e le famiglie, anche per contrastare il grave fenomeno della \u201cdenatalit\u00e0\u201d. Inoltre si avvale di nuovi modelli di assistenza, come \u201cl\u2019Ostetrica di famiglia e di comunit\u00e0\u201d per garantire una maggiore offerta sociosanitaria alle donne, potenziando la medicina territoriale e di prossimit\u00e0, attraverso il rafforzamento del ruolo dei Consultori familiari per favorire il welfare di comunit\u00e0, il rafforzamento del Percorso nascita e dell\u2019assistenza domiciliare, anche in collaborazione con i Medici di Medicina e generale e i Pediatri di libera scelta.<\/li>\n<li>Protegge, promuove e sostiene l\u2019allattamento materno al seno, quale vera misura di sanit\u00e0 pubblica.<\/li>\n<li>Conduce corsi di accompagnamento alla nascita ed interviene nelle attivit\u00e0 di Counselling prenatale. Accompagna la coppia durante il travaglio ed il parto. Favorisce la triade madre-padre-bambino e supporta il ruolo genitoriale.<\/li>\n<li>Garantisce cure appropriate al neonato, favorendo i processi fisiologici di adattamento alla vita postnatale.<\/li>\n<li>Interviene nell\u2019educazione alla sessualit\u00e0 e all\u2019affettivit\u00e0, nell\u2019ambito della famiglia e della comunit\u00e0.<\/li>\n<li>Si occupa di prevenzione primaria e secondaria dei tumori della sfera genitale femminile, prevenzione delle malattie a trasmissione sessuale e consulenza alla donna\/coppia sulla contraccezione, infertilit\u00e0, sterilit\u00e0.<\/li>\n<li>Partecipa alla preparazione e all\u2019assistenza a interventi ginecologici.<\/li>\n<li>Promuove la salute del pavimento pelvico sostenendo la donna nella rieducazione pelvi-perineale.<\/li>\n<li>Supporta la donna durante la menopausa ed il climaterio.<\/li>\n<li>Svolge attivit\u00e0 di docenza, ricerca e formazione sanitaria nelle Universit\u00e0, nelle Istituzioni sanitarie pubbliche e private e per progetti mirati nelle Scuole di ogni ordine e grado.<\/li>\n<\/ul>\n<p>&nbsp;<\/p>\n<h3 style=\"background-color: #ffa2c8; text-align: center;\"><strong><a href=\"https:\/\/ordineostetricheterni.it\/wordpress\/wp-content\/uploads\/2021\/05\/5maggio2021.pdf\" target=\"_blank\" rel=\"noopener\">VEDI VOLANTINO<\/a><\/strong><\/h3>\n<p>&nbsp;<\/p>\n","protected":false},"excerpt":{"rendered":"<p>5 MAGGIO 2021 GIORNATA INTERNAZIONALE DELLE OSTETRICHE Dal 1991, il 5 maggio si celebra in tutto il mondo la Giornata internazionale dell\u2019Ostetrica, il cui slogan di questa edizione \u00e8 \u201cFollow the data: invest in midwives\u201d. Ci uniamo alle Ostetriche di tutto il mondo per riflettere sui progressi compiuti dalla nostra professione; il tema di quest&#8217;anno&nbsp;&hellip;<\/p>\n","protected":false},"author":1,"featured_media":523,"comment_status":"closed","ping_status":"open","sticky":false,"template":"","format":"standard","meta":{"footnotes":""},"categories":[3],"tags":[],"class_list":["post-519","post","type-post","status-publish","format-standard","has-post-thumbnail","hentry","category-news"],"_links":{"self":[{"href":"https:\/\/ordineostetricheterni.it\/wordpress\/wp-json\/wp\/v2\/posts\/519","targetHints":{"allow":["GET"]}}],"collection":[{"href":"https:\/\/ordineostetricheterni.it\/wordpress\/wp-json\/wp\/v2\/posts"}],"about":[{"href":"https:\/\/ordineostetricheterni.it\/wordpress\/wp-json\/wp\/v2\/types\/post"}],"author":[{"embeddable":true,"href":"https:\/\/ordineostetricheterni.it\/wordpress\/wp-json\/wp\/v2\/users\/1"}],"replies":[{"embeddable":true,"href":"https:\/\/ordineostetricheterni.it\/wordpress\/wp-json\/wp\/v2\/comments?post=519"}],"version-history":[{"count":5,"href":"https:\/\/ordineostetricheterni.it\/wordpress\/wp-json\/wp\/v2\/posts\/519\/revisions"}],"predecessor-version":[{"id":527,"href":"https:\/\/ordineostetricheterni.it\/wordpress\/wp-json\/wp\/v2\/posts\/519\/revisions\/527"}],"wp:featuredmedia":[{"embeddable":true,"href":"https:\/\/ordineostetricheterni.it\/wordpress\/wp-json\/wp\/v2\/media\/523"}],"wp:attachment":[{"href":"https:\/\/ordineostetricheterni.it\/wordpress\/wp-json\/wp\/v2\/media?parent=519"}],"wp:term":[{"taxonomy":"category","embeddable":true,"href":"https:\/\/ordineostetricheterni.it\/wordpress\/wp-json\/wp\/v2\/categories?post=519"},{"taxonomy":"post_tag","embeddable":true,"href":"https:\/\/ordineostetricheterni.it\/wordpress\/wp-json\/wp\/v2\/tags?post=519"}],"curies":[{"name":"wp","href":"https:\/\/api.w.org\/{rel}","templated":true}]}}